{"id":3425,"date":"2018-08-17T00:54:38","date_gmt":"2018-08-16T23:54:38","guid":{"rendered":"http:\/\/cifo2018.ori-estarreja.pt\/?p=3425"},"modified":"2018-09-08T15:33:00","modified_gmt":"2018-09-08T14:33:00","slug":"desconto-no-camping-orbitur-vagueira","status":"publish","type":"post","link":"https:\/\/cifo2018.ori-estarreja.pt\/?p=3425","title":{"rendered":"Alojamento no Camping Orbitur &#8211; Vagueira"},"content":{"rendered":"<p><img loading=\"lazy\" class=\"aligncenter wp-image-3431\" src=\"http:\/\/cifo2018.ori-estarreja.pt\/wp-content\/uploads\/2018\/08\/logo_orbitur-290x300.jpg\" alt=\"\" width=\"120\" height=\"124\" srcset=\"https:\/\/cifo2018.ori-estarreja.pt\/wp-content\/uploads\/2018\/08\/logo_orbitur-290x300.jpg 290w, https:\/\/cifo2018.ori-estarreja.pt\/wp-content\/uploads\/2018\/08\/logo_orbitur.jpg 627w\" sizes=\"(max-width: 120px) 100vw, 120px\" \/><\/p>\n<p>&nbsp;<\/p>\n<p><em><strong>(Atualiza\u00e7\u00e3o a 8 de Setembro)\u00a0<\/strong><\/em><\/p>\n<p><em><strong>Pede-se que as reservas de alojamento sejam apenas feitas por telefone ou E-mail diretamente com o Camping Orbitur &#8211; Vagueira.<\/strong><\/em><\/p>\n<p>&nbsp;<\/p>\n<p>A organiza\u00e7\u00e3o estabeleceu uma parceria com o Camping Orbitur &#8211; Vagueira para proporcionar condi\u00e7\u00f5es vantajosas aos participantes do CIFO 2018, nas estadias que incluam o fim de semana do evento.<\/p>\n<p>&nbsp;<\/p>\n<p>O Camping Orbitur &#8211; Vagueira tem a localiza\u00e7\u00e3o ideal para conciliar as etapas de Orienta\u00e7\u00e3o com momentos de descanso e lazer em contacto\u00a0 com a Natureza, j\u00e1 que se situa a 250m da Arena da M\u00e9dia e da Longa.<\/p>\n<p>&nbsp;<\/p>\n<div class='content-column one_fifth'><p>&nbsp;<\/p><\/div>\n<div class='content-column three_fifth'><a href=\"http:\/\/cifo2018.ori-estarreja.pt\/?page_id=3457\" class=\"cl-ib animation_nike ratio_3x2 align_left with_title with_desc cl_custom_css_1\" style=\"width:100%;background-color:#cb611f;color:#ffffff;\"><div class=\"cl-ib-h easing_ease\"><div class=\"cl-ib-image\" style=\"background-image: url(https:\/\/cifo2018.ori-estarreja.pt\/wp-content\/uploads\/2018\/08\/pcv1.jpg)\"><img src=\"https:\/\/cifo2018.ori-estarreja.pt\/wp-content\/uploads\/2018\/08\/pcv1.jpg\" width=\"1280\" height=\"851\"  alt=\"Camping Orbitur -  Vagueira\" \/><\/div><div class=\"cl-ib-content\" style=\"padding:10%;\"><div class=\"cl-ib-content-h\"><h4 class=\"cl-ib-title\" style=\"font-size:20px;\">Camping Orbitur -  Vagueira<\/h4><div class=\"cl-ib-desc\">Para descobrir as op\u00e7\u00f5es e condi\u00e7\u00f5es de alojamento, clique na imagem.<\/div><\/div><\/div><\/div><\/a><style type=\"text\/css\">@media only screen and (max-width: 599px) {.cl_custom_css_1 .cl-ib-title { font-size:16px !important; }}<\/style><\/div>\n<div class='content-column one_fifth last_column'><p>&nbsp;<\/p><\/div><div class='clear_column'><\/div>\n","protected":false},"excerpt":{"rendered":"<p>&nbsp; (Atualiza\u00e7\u00e3o a 8 de Setembro)\u00a0 Pede-se que as reservas de alojamento sejam apenas feitas por telefone ou E-mail diretamente com o Camping Orbitur &#8211; Vagueira. &nbsp; A organiza\u00e7\u00e3o estabeleceu &#8230;<\/p>\n","protected":false},"author":1,"featured_media":0,"comment_status":"closed","ping_status":"open","sticky":false,"template":"","format":"standard","meta":[],"categories":[200],"tags":[],"_links":{"self":[{"href":"https:\/\/cifo2018.ori-estarreja.pt\/index.php?rest_route=\/wp\/v2\/posts\/3425"}],"collection":[{"href":"https:\/\/cifo2018.ori-estarreja.pt\/index.php?rest_route=\/wp\/v2\/posts"}],"about":[{"href":"https:\/\/cifo2018.ori-estarreja.pt\/index.php?rest_route=\/wp\/v2\/types\/post"}],"author":[{"embeddable":true,"href":"https:\/\/cifo2018.ori-estarreja.pt\/index.php?rest_route=\/wp\/v2\/users\/1"}],"replies":[{"embeddable":true,"href":"https:\/\/cifo2018.ori-estarreja.pt\/index.php?rest_route=%2Fwp%2Fv2%2Fcomments&post=3425"}],"version-history":[{"count":17,"href":"https:\/\/cifo2018.ori-estarreja.pt\/index.php?rest_route=\/wp\/v2\/posts\/3425\/revisions"}],"predecessor-version":[{"id":3645,"href":"https:\/\/cifo2018.ori-estarreja.pt\/index.php?rest_route=\/wp\/v2\/posts\/3425\/revisions\/3645"}],"wp:attachment":[{"href":"https:\/\/cifo2018.ori-estarreja.pt\/index.php?rest_route=%2Fwp%2Fv2%2Fmedia&parent=3425"}],"wp:term":[{"taxonomy":"category","embeddable":true,"href":"https:\/\/cifo2018.ori-estarreja.pt\/index.php?rest_route=%2Fwp%2Fv2%2Fcategories&post=3425"},{"taxonomy":"post_tag","embeddable":true,"href":"https:\/\/cifo2018.ori-estarreja.pt\/index.php?rest_route=%2Fwp%2Fv2%2Ftags&post=3425"}],"curies":[{"name":"wp","href":"https:\/\/api.w.org\/{rel}","templated":true}]}}